{"id":5859,"date":"2024-07-07T19:00:00","date_gmt":"2024-07-07T23:00:00","guid":{"rendered":"https:\/\/stillcoviding.ca\/fr\/?p=5859"},"modified":"2024-07-08T13:16:16","modified_gmt":"2024-07-08T17:16:16","slug":"analysis-quebec-in-midst-of-new-covid-19-summer-wave","status":"publish","type":"post","link":"https:\/\/stillcoviding.ca\/fr\/nouvelles\/analysis-quebec-in-midst-of-new-covid-19-summer-wave\/","title":{"rendered":"Analyse&nbsp;: Le Qu\u00e9bec en pleine nouvelle vague estivale de la COVID-19"},"content":{"rendered":"<p>Le Qu\u00e9bec est maintenant t\u00e9moin \u2014 comme c\u2019est le cas partout en Am\u00e9rique du Nord \u2014 d\u2019une hausse des hospitalisations li\u00e9es \u00e0 la COVID-19, ce qui renforce l\u2019id\u00e9e que le SRAS-CoV-2 n\u2019est toujours pas un virus enti\u00e8rement saisonnier et envoie les fabricants de vaccins \u00e0 la course pour d\u00e9velopper des vaccins contre la COVID-19 pour cet automne qui prot\u00e9geront contre les derni\u00e8res sous-variantes.<\/p>\n<p>La province a signal\u00e9 un total de 671 hospitalisations avec et pour la COVID-19 en date de 5&nbsp;juillet. C\u2019est une hausse par rapport \u00e0 un minimum de 400 hospitalisations de ce genre le 20&nbsp;avril au Qu\u00e9bec. Selon l\u2019Institut national de sant\u00e9 publique du Qu\u00e9bec (INSPQ), le nombre de patients dans les salles d\u2019urgence test\u00e9s positifs pour le SRAS-CoV-2 augmente \u00e9galement.<\/p>\n<p>De plus en plus de Qu\u00e9b\u00e9cois se disent positifs \u00e0 la COVID-19, le pourcentage passant \u00e0 12,9&nbsp;% \u00e0 compter du 30&nbsp;juin, selon l\u2019INSPQ. Le fait que cela se produise en \u00e9t\u00e9 sugg\u00e8re que le SRAS-CoV-2 est encore loin d\u2019\u00eatre un virus saisonnier comme la grippe, une opinion soutenue par les m\u00e9decins et les experts dans le domaine.<\/p>\n<p>\u00ab&nbsp;La COVID n\u2019est pas termin\u00e9e&nbsp;\u00bb, a d\u00e9clar\u00e9 vendredi \u00e0 la CBC la Dre Susan Kuo, m\u00e9decin de famille de la Colombie-Britannique. \u00ab&nbsp;C\u2019est l\u2019\u00e9t\u00e9. Nous sommes en juillet. Ce n\u2019est g\u00e9n\u00e9ralement pas le moment de voir autant de personnes malades. Ce que cela nous dit, c\u2019est que la COVID n\u2019est pas un virus saisonnier.&nbsp;\u00bb<\/p>\n","protected":false},"excerpt":{"rendered":"<p>Le Qu\u00e9bec est maintenant t\u00e9moin \u2014 comme c\u2019est le cas partout en Am\u00e9rique du Nord \u2014 d\u2019une hausse des hospitalisations li\u00e9es \u00e0 la COVID-19, ce qui renforce l\u2019id\u00e9e que le SRAS-CoV-2 n\u2019est toujours pas un virus enti\u00e8rement saisonnier et envoie les fabricants de vaccins \u00e0 la course pour d\u00e9velopper des vaccins contre la COVID-19 pour cet automne qui prot\u00e9geront contre les derni\u00e8res sous-variantes.<\/p>\n<p>La province a signal\u00e9 un total de 671 hospitalisations avec et pour la COVID-19 en date de 5&nbsp;juillet. C\u2019est une hausse par rapport \u00e0 un minimum de 400 hospitalisations de ce genre le 20&nbsp;avril au Qu\u00e9bec. Selon l\u2019Institut national de sant\u00e9 publique du Qu\u00e9bec (INSPQ), le nombre de patients dans les salles d\u2019urgence test\u00e9s positifs pour le SRAS-CoV-2 augmente \u00e9galement.<\/p>\n<p>De plus en plus de Qu\u00e9b\u00e9cois se disent positifs \u00e0 la COVID-19, le pourcentage passant \u00e0 12,9&nbsp;% \u00e0 compter du 30&nbsp;juin, selon l\u2019INSPQ. Le fait que cela se produise en \u00e9t\u00e9 sugg\u00e8re que le SRAS-CoV-2 est encore loin d\u2019\u00eatre un virus saisonnier comme la grippe, une opinion soutenue par les m\u00e9decins et les experts dans le domaine.<\/p>\n<p>\u00ab&nbsp;La COVID n\u2019est pas termin\u00e9e&nbsp;\u00bb, a d\u00e9clar\u00e9 vendredi \u00e0 la CBC la Dre Susan Kuo, m\u00e9decin de famille de la Colombie-Britannique. \u00ab&nbsp;C\u2019est l\u2019\u00e9t\u00e9. Nous sommes en juillet. Ce n\u2019est g\u00e9n\u00e9ralement pas le moment de voir autant de personnes malades. Ce que cela nous dit, c\u2019est que la COVID n\u2019est pas un virus saisonnier.&nbsp;\u00bb<\/p>\n<div class=\"more-link-wrapper\"><a class=\"more-link\" href=\"https:\/\/stillcoviding.ca\/fr\/nouvelles\/analysis-quebec-in-midst-of-new-covid-19-summer-wave\/\">Lire la suite<span class=\"screen-reader-text\">Analyse&nbsp;: Le Qu\u00e9bec en pleine nouvelle vague estivale de la COVID-19<\/span><\/a><\/div>\n","protected":false},"author":2,"featured_media":0,"comment_status":"closed","ping_status":"closed","sticky":false,"template":"","format":"standard","meta":{"footnotes":""},"categories":[6],"tags":[71,96,16,1242,1130,78,1241,1008,812,677,1131,1162,179,293,1239,42,69,240,12,1240,1095,45],"class_list":["post-5859","post","type-post","status-publish","format-standard","hentry","category-nouvelles","tag-accidents-vasculaires-cerebraux","tag-canada","tag-covid-19","tag-encephalite","tag-flirt","tag-hospitalisations","tag-insomnie","tag-inspq","tag-institut-national-de-sante-publique-du-quebec","tag-jn-1","tag-kp-2","tag-kp-3","tag-montreal","tag-nouvelle-vague","tag-novovax","tag-problemes-cognitifs","tag-quebec","tag-sante-mentale","tag-sras-cov-2","tag-syndrome-de-guillain-barre-2","tag-tiohtiake","tag-variants","entry"],"_links":{"self":[{"href":"https:\/\/stillcoviding.ca\/fr\/wp-json\/wp\/v2\/posts\/5859","targetHints":{"allow":["GET"]}}],"collection":[{"href":"https:\/\/stillcoviding.ca\/fr\/wp-json\/wp\/v2\/posts"}],"about":[{"href":"https:\/\/stillcoviding.ca\/fr\/wp-json\/wp\/v2\/types\/post"}],"author":[{"embeddable":true,"href":"https:\/\/stillcoviding.ca\/fr\/wp-json\/wp\/v2\/users\/2"}],"replies":[{"embeddable":true,"href":"https:\/\/stillcoviding.ca\/fr\/wp-json\/wp\/v2\/comments?post=5859"}],"version-history":[{"count":3,"href":"https:\/\/stillcoviding.ca\/fr\/wp-json\/wp\/v2\/posts\/5859\/revisions"}],"predecessor-version":[{"id":5862,"href":"https:\/\/stillcoviding.ca\/fr\/wp-json\/wp\/v2\/posts\/5859\/revisions\/5862"}],"wp:attachment":[{"href":"https:\/\/stillcoviding.ca\/fr\/wp-json\/wp\/v2\/media?parent=5859"}],"wp:term":[{"taxonomy":"category","embeddable":true,"href":"https:\/\/stillcoviding.ca\/fr\/wp-json\/wp\/v2\/categories?post=5859"},{"taxonomy":"post_tag","embeddable":true,"href":"https:\/\/stillcoviding.ca\/fr\/wp-json\/wp\/v2\/tags?post=5859"}],"curies":[{"name":"wp","href":"https:\/\/api.w.org\/{rel}","templated":true}]}}